{"id":3017,"date":"2001-10-12T15:53:15","date_gmt":"2001-10-12T14:53:15","guid":{"rendered":"http:\/\/www.alice-miller.com\/de\/?p=3017"},"modified":"2015-12-02T15:55:13","modified_gmt":"2015-12-02T14:55:13","slug":"kindern-uber-terror-die-wahrheit-sagen","status":"publish","type":"post","link":"https:\/\/www.alice-miller.com\/de\/kindern-uber-terror-die-wahrheit-sagen\/","title":{"rendered":"Kindern \u00fcber Terror die Wahrheit sagen"},"content":{"rendered":"<div class=\"colonne-droite\">\n<h1>Alice Miller: Kindern \u00fcber Terror die Wahrheit sagen<\/h1>\n<h2>Interview: Oliver Bantle<\/h2>\n<p><i>Das folgende Interview erschien am 12. Oktober 2001 in der online-Ausgabe der S\u00fcddeutschen Zeitung<\/i><\/p>\n<p style=\"font-weight:bold;\">Was k\u00f6nnen die Fernsehbilder der Attentate in den USA und die Kriegsberichterstattung in der kindlichen Psyche bewirken?<\/p>\n<p>Diese Bilder waren keine Traumen im eigentlichen Sinn, weil sie nicht unsere eigene, k\u00f6rperliche Existenz bedrohten. Aber sie konnten bei allen, die in der fr\u00fchen Kindheit geschlagen und gedem\u00fctigt wurden, verdr\u00e4ngte \u00c4ngste und k\u00f6rperliche Erinnerungen an eigene, sehr fr\u00fche traumatische Erfahrungen reaktivieren.<\/p>\n<p style=\"font-weight:bold;\">Schlagende Eltern werden von Kindern wie &#8222;Attent\u00e4ter&#8220; erlebt?<\/p>\n<p>Die Terroristen f\u00fchrten uns allen vor Augen, was ein zweij\u00e4hriges oder noch j\u00fcngeres Kind zum ersten Mal erlebt (und schnell verdr\u00e4ngt), wenn es pl\u00f6tzlich, v\u00f6llig unerwartet, von den geliebten Eltern \u00fcberfallen und geschlagen wird, sei es nur in einer &#8222;milden&#8220; Form: Es kann den Grund nicht verstehen, ist fassungslos, entsetzt und f\u00fchlt seine totale Ohnmacht. Seine ganze Welt bricht zusammen, es wei\u00df nicht, was als n\u00e4chstes kommt. Sein K\u00f6rper speichert diese Emotionen. Sie sind aber nicht leicht abrufbar, weil sie tief verdr\u00e4ngt bleiben.<\/p>\n<p style=\"font-weight:bold;\">Wie k\u00f6nnen Kinder die Bilder von brennenden Hochh\u00e4usern und aus dem Fenster springenden Menschen verarbeiten?<\/p>\n<p>Indem sie ihre Gef\u00fchle ausdr\u00fccken k\u00f6nnen und sich verstanden f\u00fchlen. Zeichnen, Malen und dar\u00fcber reden k\u00f6nnen bei der Verarbeitung sehr hilfreich sein.<\/p>\n<p style=\"font-weight:bold;\">Wie kann man ihnen als Erwachsener dabei helfen?<\/p>\n<p>Eltern k\u00f6nnen helfen, wenn sie die \u00c4ngste der Kinder ernst nehmen, ihnen zuh\u00f6ren und ihre Fragen wahrheitsgetreu beantworten, ohne ihnen auszuweichen.<\/p>\n<p style=\"font-weight:bold;\">Wie kann man als Erwachsener Kindern die Ereignisse begreiflich machen?<\/p>\n<p>Man muss ihnen die Wahrheit sagen, auch wenn dies einem schwer fallen mag. Aber solche ehrlichen Gespr\u00e4che k\u00f6nnen die Beziehungen mit den Kindern vertiefen und bereichern. Man muss den Kindern sagen, dass sie das Recht haben, respektiert zu werden und niemals geschlagen oder gedem\u00fctigt zu werden. Wenn dies jemals geschah, dann durch das Nichtwissen der Eltern, f\u00fcr das man sich jetzt und hier entschuldigen kann. Denn durch die Anschl\u00e4ge h\u00e4tte man begriffen, dass Menschen, die so etwas Schreckliches anderen Menschen antun, selber das als Kinder erlebt haben mussten. Niemand kommt b\u00f6se in diese Welt.<\/p>\n<p style=\"font-weight:bold;\">Gewaltsames Verhalten ist demnach nicht angeboren, sondern es wird erlernt&#8230;<\/p>\n<p>&#8230;ja, man lernt die Gewalt sehr fr\u00fch in der Kindheit bei den eigenen Eltern, durch Nachahmung. Menschen, die in ihrer Kindheit durchs Schlagen schwer gedem\u00fctigt wurden, ohne dass jemand ihnen geholfen hat, haben ihre Wut unterdr\u00fccken m\u00fcssen. Aber ihr K\u00f6rper hat die Erinnerungen an die Brutalit\u00e4t gespeichert. Sp\u00e4ter, als Erwachsene, werden sie von ihren unbewussten Erinnerungen zu brutalen Racheakten an Unschuldigen getrieben.<\/p>\n<p style=\"font-weight:bold;\">Wie k\u00f6nnen Erwachsene mit Kindern umgehen, die sich im Spiel mit den mutma\u00dflichen arabischen Terroristen identifizieren und sie f\u00fcr Figuren wie &#8222;Supermann&#8220; halten?<\/p>\n<p>Menschen, die solche Filme produzieren, waren ebenfalls sehr fr\u00fch geschlagene Kinder, die ihre wahren Gef\u00fchle wie Schmerzen und Ohnmacht mit Hilfe der Allmachtsfantasien und Illusionen der Macht (Supermann) abwehren. Eine \u00e4hnliche Funktion hat die Identifikation mit den Terroristen: Sie soll die Rebellion des Kindes gegen uneinsichtige oder gar misshandelnde Eltern ausdr\u00fccken, die immer geliebt werden und daher meistens vor jedem Vorwurf gesch\u00fctzt bleiben.<\/p>\n<p style=\"font-weight:bold;\">Was tun, wenn Kinder &#8222;Terroristen&#8220; spielen?<\/p>\n<p>Wenn Eltern eine reifere Haltung einnehmen und aufh\u00f6ren, das Schlagen als Erziehungsmittel zu preisen, wenn sie sich den Kindern als respektvolle Gespr\u00e4chspartner anbieten, brauchen die Kinder nicht Terroristen zu spielen. Sie sind noch so gl\u00fccklich, wenn sie mit ihren Eltern in einer friedvollen, vertrauensvollen Kommunikation stehen und sich nicht dauernd im Kriegszustand befinden. Ich spreche hier nicht von Ausschreitungen, die offiziell als Misshandlungen anerkannt sind und die nur den Gipfel des Eisberges darstellen, sondern von der famili\u00e4ren Gewalt, die von \u00fcber 90 Prozent der Weltbev\u00f6lkerung als &#8222;Erziehung&#8220; bezeichnet werden kann, was bisher noch nie von der Kirche in Frage gestellt wurde.<\/p>\n<p style=\"font-weight:bold;\">Wie pr\u00e4gen die jetzigen Ereignisse die Psyche der k\u00fcnftigen Erwachsenen?<\/p>\n<p>Diese Ereignisse werden keine negativen Folgen f\u00fcr die sp\u00e4tere Entwicklung des Kindes haben. Wenn sie in Begleitung von einf\u00fchlenden und aufgekl\u00e4rten Erwachsenen und in einem ehrlichen Austausch mit ihnen erlebt wurden, k\u00f6nnen sie sogar zur Festigung und besseren Differenzierung des emotionalen Haushalts f\u00fchren. Denn der K\u00f6rper des Kindes wei\u00df ja ohnehin alles, aber er kann nur mit Symptomen sprechen.<\/p>\n<p style=\"font-weight:bold;\">Weshalb ist es wichtig, offen dar\u00fcber zu spechen?<\/p>\n<p>Benannte und geteilte Gef\u00fchle lassen sich besser einordnen und kontrollieren. Mit dem Zugest\u00e4ndnis des Erwachsenen, dass an Kleinkindern ver\u00fcbte k\u00f6rperliche Strafen gef\u00e4hrlich seien und katastrophale Folgen haben k\u00f6nnen, bekommt das Kind die n\u00f6tige Best\u00e4tigung, die es braucht, um sich besser in der Welt zu orientieren und nicht an Dinge glauben zu m\u00fcssen, die ihm nicht einleuchten. Das wirkt beruhigend.<\/p>\n<p style=\"font-weight:bold;\">K\u00f6nnen Gewalt und Krieg \u00fcberhaupt verhindert werden?<\/p>\n<p>Wir brauchen ab sofort ein Gesetz, das allen Eltern auf der ganzen Welt verbieten w\u00fcrde, kleine Kinder zu schlagen. Misshandelnde Kinder, deren Gehirn sich noch im Wachstum befindet (die ersten drei bis f\u00fcnf Jahre), werden die erfahrene Gewalt und Brutalit\u00e4t sp\u00e4ter an der ganzen Gesellschaft r\u00e4chen wollen, wenn ihnen keine helfenden Zeugen in Liebe beistehen werden.<\/p>\n<p style=\"font-weight:bold;\">Was kann passieren, wenn Kinder mit erlebter Gewalt alleine gelassen werden?<\/p>\n<p> In den Kindheiten der grausamsten Diktatoren des vergangenen Jahrhunderts wie Hitler, Stalin, Mao, Franco, Ceaucescu gab es solche Zeugen nie. Schon aus diesem Grund (unter vielen anderen) bin ich davon \u00fcberzeugt, dass die k\u00fcnftige Gesellschaft mit einem solchen Gesetz in 20 Jahren keine Terroristen und keine Kriminellen haben wird, sondern verantwortliche Erwachsene, die zur pazifistischen Kommunikation f\u00e4hig sein werden, weil sie als Kinder nicht geschlagen wurden und nicht in einem Kriegszustand aufwachsen mussten.<\/p>\n<p style=\"font-weight:bold;\">Das h\u00f6rt sich sehr utopisch an&#8230;<\/p>\n<p>&#8230;das sind keine utopischen Tr\u00e4ume, sondern eine logische Ableitung vom Wissen, das uns heute bereits zur Verf\u00fcgung steht, aber noch wenig verbreitet ist: dass die im Gehirn gespeicherten, aber vom Bewusstsein verleugneten Traumen sich gegen die n\u00e4chste Generation entladen.<\/p>\n<\/div>\n<div class=\"colonne-gauche\">\n<ul class=\"lcp_catlist\" id=\"lcp_instance_0\"><li><a href=\"https:\/\/www.alice-miller.com\/de\/ein-interview-mit-alice-miller-an-katharina-micada\/\">Ein Interview mit Alice Miller an Katharina Micada<\/a><\/li><li><a href=\"https:\/\/www.alice-miller.com\/de\/wege-aus-der-verleugnung\/\">Wege aus der Verleugnung<\/a><\/li><li><a href=\"https:\/\/www.alice-miller.com\/de\/gewalt-totet-die-liebe-schlage-das-vierte-gebot-und-die-unterdruckung-authentischer-gefuhle\/\">Gewalt t\u00f6tet die Liebe: Schl\u00e4ge, das Vierte Gebot und die Unterdr\u00fcckung authentischer Gef\u00fchle<\/a><\/li><li><a href=\"https:\/\/www.alice-miller.com\/de\/interview-mit-julia-becker\/\">Interview mit Julia Becker<\/a><\/li><li><a href=\"https:\/\/www.alice-miller.com\/de\/gesprach-uber-kindheit-und-politik\/\">Gespr\u00e4ch \u00fcber Kindheit und Politik<\/a><\/li><li class=\"current\"><a href=\"https:\/\/www.alice-miller.com\/de\/kindern-uber-terror-die-wahrheit-sagen\/\">Kindern \u00fcber Terror die Wahrheit sagen<\/a><\/li><li><a href=\"https:\/\/www.alice-miller.com\/de\/fur-den-abbruch-der-schweigemauer\/\">F\u00fcr den Abbruch der Schweigemauer<\/a><\/li><li><a href=\"https:\/\/www.alice-miller.com\/de\/das-fuhlende-kind\/\">Das f\u00fchlende Kind<\/a><\/li><\/ul>\n<div class=\"separateur\">&nbsp;<\/div>\n<\/div>\n","protected":false},"excerpt":{"rendered":"<p>Alice Miller: Kindern \u00fcber Terror die Wahrheit sagen Interview: Oliver Bantle Das folgende Interview erschien am 12. Oktober 2001 in der online-Ausgabe der S\u00fcddeutschen Zeitung Was k\u00f6nnen die Fernsehbilder der Attentate in den USA und die Kriegsberichterstattung in der kindlichen Psyche bewirken? Diese Bilder waren keine Traumen im eigentlichen Sinn, weil sie nicht unsere eigene, [&hellip;]<\/p>\n","protected":false},"author":1,"featured_media":0,"comment_status":"closed","ping_status":"closed","sticky":false,"template":"","format":"standard","meta":{"footnotes":""},"categories":[11],"tags":[],"class_list":["post-3017","post","type-post","status-publish","format-standard","hentry","category-interviews"],"aioseo_notices":[],"_links":{"self":[{"href":"https:\/\/www.alice-miller.com\/de\/wp-json\/wp\/v2\/posts\/3017","targetHints":{"allow":["GET"]}}],"collection":[{"href":"https:\/\/www.alice-miller.com\/de\/wp-json\/wp\/v2\/posts"}],"about":[{"href":"https:\/\/www.alice-miller.com\/de\/wp-json\/wp\/v2\/types\/post"}],"author":[{"embeddable":true,"href":"https:\/\/www.alice-miller.com\/de\/wp-json\/wp\/v2\/users\/1"}],"replies":[{"embeddable":true,"href":"https:\/\/www.alice-miller.com\/de\/wp-json\/wp\/v2\/comments?post=3017"}],"version-history":[{"count":1,"href":"https:\/\/www.alice-miller.com\/de\/wp-json\/wp\/v2\/posts\/3017\/revisions"}],"predecessor-version":[{"id":3018,"href":"https:\/\/www.alice-miller.com\/de\/wp-json\/wp\/v2\/posts\/3017\/revisions\/3018"}],"wp:attachment":[{"href":"https:\/\/www.alice-miller.com\/de\/wp-json\/wp\/v2\/media?parent=3017"}],"wp:term":[{"taxonomy":"category","embeddable":true,"href":"https:\/\/www.alice-miller.com\/de\/wp-json\/wp\/v2\/categories?post=3017"},{"taxonomy":"post_tag","embeddable":true,"href":"https:\/\/www.alice-miller.com\/de\/wp-json\/wp\/v2\/tags?post=3017"}],"curies":[{"name":"wp","href":"https:\/\/api.w.org\/{rel}","templated":true}]}}